{"id":3725,"count":1,"description":"","link":"https:\/\/antidotmedia.noblogs.org\/he\/post\/tag\/alexandre-eborgne-le-1e-fevrier-2024-a-marseille-13\/","name":"Alexandre \u00e9borgn\u00e9 le 1e f\u00e9vrier 2024 \u00e0 Marseille (13)","slug":"alexandre-eborgne-le-1e-fevrier-2024-a-marseille-13","taxonomy":"post_tag","meta":[],"_links":{"self":[{"href":"https:\/\/antidotmedia.noblogs.org\/wp-json\/wp\/v2\/tags\/3725","targetHints":{"allow":["GET"]}}],"collection":[{"href":"https:\/\/antidotmedia.noblogs.org\/wp-json\/wp\/v2\/tags"}],"about":[{"href":"https:\/\/antidotmedia.noblogs.org\/wp-json\/wp\/v2\/taxonomies\/post_tag"}],"wp:post_type":[{"href":"https:\/\/antidotmedia.noblogs.org\/wp-json\/wp\/v2\/posts?tags=3725"}],"curies":[{"name":"wp","href":"https:\/\/api.w.org\/{rel}","templated":true}]}}